{"id":3090,"date":"2024-07-04T15:15:41","date_gmt":"2024-07-04T13:15:41","guid":{"rendered":"https:\/\/www.latoutfermier.fr\/?p=3090"},"modified":"2024-07-04T15:15:41","modified_gmt":"2024-07-04T13:15:41","slug":"les-tchanques-2","status":"publish","type":"post","link":"https:\/\/www.latoutfermier.fr\/?p=3090","title":{"rendered":"LES TCHANQUES"},"content":{"rendered":"<p>C\u2019est l\u2019histoire des familles de Bruno et Cl\u00e9ment, agriculteurs depuis plusieurs g\u00e9n\u00e9rations dans les Landes. Ils ont voulu valoriser les production de leurs fermes en proposant une gamme ap\u00e9ritive locale.<\/p>\n<p>Pommes de terres de nos exploitations, m\u00e9thode de transformation artisanale au chaudron \u00e0 la ferme.<\/p>\n<p>Exploitation HVE3<\/p>\n","protected":false},"excerpt":{"rendered":"<p>C\u2019est l\u2019histoire des familles de Bruno et Cl\u00e9ment, agriculteurs depuis plusieurs g\u00e9n\u00e9rations dans les Landes. Ils ont voulu valoriser les production de leurs fermes en proposant une gamme ap\u00e9ritive locale. Pommes de terres de nos exploitations, m\u00e9thode de transformation artisanale au chaudron \u00e0 la ferme. Exploitation HVE3<\/p>\n","protected":false},"author":3,"featured_media":3091,"comment_status":"open","ping_status":"open","sticky":false,"template":"","format":"standard","meta":{"_acf_changed":false,"site-sidebar-layout":"no-sidebar","site-content-layout":"page-builder","ast-global-header-display":"","ast-main-header-display":"","ast-hfb-above-header-display":"","ast-hfb-below-header-display":"","ast-hfb-mobile-header-display":"","site-post-title":"","ast-breadcrumbs-content":"","ast-featured-img":"disabled","footer-sml-layout":"","theme-transparent-header-meta":"default","adv-header-id-meta":"","stick-header-meta":"","header-above-stick-meta":"","header-main-stick-meta":"","header-below-stick-meta":"","footnotes":""},"categories":[6,16],"tags":[],"class_list":["post-3090","post","type-post","status-publish","format-standard","has-post-thumbnail","hentry","category-epicerie","category-producteurs"],"acf":[],"_links":{"self":[{"href":"https:\/\/www.latoutfermier.fr\/index.php?rest_route=\/wp\/v2\/posts\/3090","targetHints":{"allow":["GET"]}}],"collection":[{"href":"https:\/\/www.latoutfermier.fr\/index.php?rest_route=\/wp\/v2\/posts"}],"about":[{"href":"https:\/\/www.latoutfermier.fr\/index.php?rest_route=\/wp\/v2\/types\/post"}],"author":[{"embeddable":true,"href":"https:\/\/www.latoutfermier.fr\/index.php?rest_route=\/wp\/v2\/users\/3"}],"replies":[{"embeddable":true,"href":"https:\/\/www.latoutfermier.fr\/index.php?rest_route=%2Fwp%2Fv2%2Fcomments&post=3090"}],"version-history":[{"count":3,"href":"https:\/\/www.latoutfermier.fr\/index.php?rest_route=\/wp\/v2\/posts\/3090\/revisions"}],"predecessor-version":[{"id":3096,"href":"https:\/\/www.latoutfermier.fr\/index.php?rest_route=\/wp\/v2\/posts\/3090\/revisions\/3096"}],"wp:featuredmedia":[{"embeddable":true,"href":"https:\/\/www.latoutfermier.fr\/index.php?rest_route=\/wp\/v2\/media\/3091"}],"wp:attachment":[{"href":"https:\/\/www.latoutfermier.fr\/index.php?rest_route=%2Fwp%2Fv2%2Fmedia&parent=3090"}],"wp:term":[{"taxonomy":"category","embeddable":true,"href":"https:\/\/www.latoutfermier.fr\/index.php?rest_route=%2Fwp%2Fv2%2Fcategories&post=3090"},{"taxonomy":"post_tag","embeddable":true,"href":"https:\/\/www.latoutfermier.fr\/index.php?rest_route=%2Fwp%2Fv2%2Ftags&post=3090"}],"curies":[{"name":"wp","href":"https:\/\/api.w.org\/{rel}","templated":true}]}}